{"id":41,"date":"2019-09-21T16:54:00","date_gmt":"2019-09-21T14:54:00","guid":{"rendered":"https:\/\/dlo.tonality.at\/news\/?p=41"},"modified":"2021-02-15T16:09:14","modified_gmt":"2021-02-15T15:09:14","slug":"dlouhy-auf-der-retter-messe-in-wels","status":"publish","type":"post","link":"https:\/\/www.dlouhy.at\/news\/2019\/09\/21\/dlouhy-auf-der-retter-messe-in-wels\/","title":{"rendered":"Dlouhy auf der RETTER-Messe in WELS"},"content":{"rendered":"\n<p>Noch bis Samstag, 22.09., sind wir mit unseren Fahrzeugen auf der RETTER &#8211; der \u00f6sterreichischen Fachmesse f\u00fcr Sicherheit und Einsatzorganisationen &#8211; in Wels vertreten. Besuchen Sie uns auf unseren Standpl\u00e4tzen im Freigel\u00e4nde und in der Halle 20 ! Au\u00dferdem gibt es bei anderen Ausstellern einige DLOUHY-Rettungs-, Feuerwehr- und Polizeifahrzeuge zu sehen.<\/p>\n","protected":false},"excerpt":{"rendered":"<p>Noch bis Samstag, 22.09., sind wir mit unseren Fahrzeugen auf der RETTER &#8211; der \u00f6sterreichischen Fachmesse f\u00fcr Sicherheit und Einsatzorganisationen &#8211; in Wels vertreten. Besuchen Sie uns auf unseren Standpl\u00e4tzen im Freigel\u00e4nde und in der Halle 20 ! Au\u00dferdem gibt es bei anderen Ausstellern einige DLOUHY-Rettungs-, Feuerwehr- und Polizeifahrzeuge zu sehen.<\/p>\n","protected":false},"author":1,"featured_media":42,"comment_status":"open","ping_status":"open","sticky":false,"template":"","format":"standard","meta":{"footnotes":""},"categories":[25,24,29,37],"tags":[49,8],"class_list":["post-41","post","type-post","status-publish","format-standard","has-post-thumbnail","hentry","category-feuerwehr","category-rettungswesen","category-sicherheit","category-unternehmen","tag-fahrzeuge","tag-messe"],"_links":{"self":[{"href":"https:\/\/www.dlouhy.at\/news\/wp-json\/wp\/v2\/posts\/41","targetHints":{"allow":["GET"]}}],"collection":[{"href":"https:\/\/www.dlouhy.at\/news\/wp-json\/wp\/v2\/posts"}],"about":[{"href":"https:\/\/www.dlouhy.at\/news\/wp-json\/wp\/v2\/types\/post"}],"author":[{"embeddable":true,"href":"https:\/\/www.dlouhy.at\/news\/wp-json\/wp\/v2\/users\/1"}],"replies":[{"embeddable":true,"href":"https:\/\/www.dlouhy.at\/news\/wp-json\/wp\/v2\/comments?post=41"}],"version-history":[{"count":1,"href":"https:\/\/www.dlouhy.at\/news\/wp-json\/wp\/v2\/posts\/41\/revisions"}],"predecessor-version":[{"id":43,"href":"https:\/\/www.dlouhy.at\/news\/wp-json\/wp\/v2\/posts\/41\/revisions\/43"}],"wp:featuredmedia":[{"embeddable":true,"href":"https:\/\/www.dlouhy.at\/news\/wp-json\/wp\/v2\/media\/42"}],"wp:attachment":[{"href":"https:\/\/www.dlouhy.at\/news\/wp-json\/wp\/v2\/media?parent=41"}],"wp:term":[{"taxonomy":"category","embeddable":true,"href":"https:\/\/www.dlouhy.at\/news\/wp-json\/wp\/v2\/categories?post=41"},{"taxonomy":"post_tag","embeddable":true,"href":"https:\/\/www.dlouhy.at\/news\/wp-json\/wp\/v2\/tags?post=41"}],"curies":[{"name":"wp","href":"https:\/\/api.w.org\/{rel}","templated":true}]}}