{"id":38,"date":"2019-10-01T16:50:00","date_gmt":"2019-10-01T14:50:00","guid":{"rendered":"https:\/\/dlo.tonality.at\/news\/?p=38"},"modified":"2021-02-15T16:07:55","modified_gmt":"2021-02-15T15:07:55","slug":"mehrzweckfahrzeug-fur-medcare-in-innsbruck","status":"publish","type":"post","link":"https:\/\/www.dlouhy.at\/news\/2019\/10\/01\/mehrzweckfahrzeug-fur-medcare-in-innsbruck\/","title":{"rendered":"Mehrzweckfahrzeug f\u00fcr medcar(e) in Innsbruck"},"content":{"rendered":"\n<p>Seit 5 Jahren leisten ehrenamtliche \u00c4rzte, Sanit\u00e4ter und Sozialarbeiter von RK Tirol und Caritas eine kostenlose medizinische Basisversorgung f\u00fcr Nicht-Versicherte in Innsbruck. Durch das neue Opel Movano-Mehrzweckfahrzeug ist es m\u00f6glich, die Leistungen auch mobil anzubieten und damit m\u00f6glichst viele Betroffene zu erreichen. In Anwesenheit von Politikern, Mitarbeitern und Partnern wurde das Fahrzeug von Bischof Hermann Glettler gesegnet.<\/p>\n","protected":false},"excerpt":{"rendered":"<p>Seit 5 Jahren leisten ehrenamtliche \u00c4rzte, Sanit\u00e4ter und Sozialarbeiter von RK Tirol und Caritas eine kostenlose medizinische Basisversorgung f\u00fcr Nicht-Versicherte in Innsbruck. Durch das neue Opel Movano-Mehrzweckfahrzeug ist es m\u00f6glich, die Leistungen auch mobil anzubieten und damit m\u00f6glichst viele Betroffene zu erreichen. In Anwesenheit von Politikern, Mitarbeitern und Partnern wurde das Fahrzeug von Bischof Hermann [&hellip;]<\/p>\n","protected":false},"author":1,"featured_media":39,"comment_status":"open","ping_status":"open","sticky":false,"template":"","format":"standard","meta":{"footnotes":""},"categories":[24,37],"tags":[18,17],"class_list":["post-38","post","type-post","status-publish","format-standard","has-post-thumbnail","hentry","category-rettungswesen","category-unternehmen","tag-mehrzweckfahrzeug","tag-opel"],"_links":{"self":[{"href":"https:\/\/www.dlouhy.at\/news\/wp-json\/wp\/v2\/posts\/38","targetHints":{"allow":["GET"]}}],"collection":[{"href":"https:\/\/www.dlouhy.at\/news\/wp-json\/wp\/v2\/posts"}],"about":[{"href":"https:\/\/www.dlouhy.at\/news\/wp-json\/wp\/v2\/types\/post"}],"author":[{"embeddable":true,"href":"https:\/\/www.dlouhy.at\/news\/wp-json\/wp\/v2\/users\/1"}],"replies":[{"embeddable":true,"href":"https:\/\/www.dlouhy.at\/news\/wp-json\/wp\/v2\/comments?post=38"}],"version-history":[{"count":1,"href":"https:\/\/www.dlouhy.at\/news\/wp-json\/wp\/v2\/posts\/38\/revisions"}],"predecessor-version":[{"id":40,"href":"https:\/\/www.dlouhy.at\/news\/wp-json\/wp\/v2\/posts\/38\/revisions\/40"}],"wp:featuredmedia":[{"embeddable":true,"href":"https:\/\/www.dlouhy.at\/news\/wp-json\/wp\/v2\/media\/39"}],"wp:attachment":[{"href":"https:\/\/www.dlouhy.at\/news\/wp-json\/wp\/v2\/media?parent=38"}],"wp:term":[{"taxonomy":"category","embeddable":true,"href":"https:\/\/www.dlouhy.at\/news\/wp-json\/wp\/v2\/categories?post=38"},{"taxonomy":"post_tag","embeddable":true,"href":"https:\/\/www.dlouhy.at\/news\/wp-json\/wp\/v2\/tags?post=38"}],"curies":[{"name":"wp","href":"https:\/\/api.w.org\/{rel}","templated":true}]}}