{"id":196,"date":"2022-06-09T10:42:52","date_gmt":"2022-06-09T08:42:52","guid":{"rendered":"https:\/\/dlouhy.at\/news\/?p=196"},"modified":"2022-06-09T10:42:52","modified_gmt":"2022-06-09T08:42:52","slug":"dlouhy-bei-der-integra-in-wels","status":"publish","type":"post","link":"https:\/\/www.dlouhy.at\/news\/2022\/06\/09\/dlouhy-bei-der-integra-in-wels\/","title":{"rendered":"Dlouhy bei der Integra in Wels"},"content":{"rendered":"\n<p>Noch bis Freitag sind wir mit unseren Mobilit\u00e4ts-L\u00f6sungen f\u00fcr Menschen mit Behinderung bei der Leitmesse f\u00fcr mehr Lebensqualit\u00e4t in Wels. Besuche uns in der Halle 20 (Stand D300) ! Die Messe bietet eine umfassende Produkt \u2013 und Dienstleistungsplattform und zeigt neue Wege in den Bereichen Reha, Therapie, Pflege, Barrierefreiheit, Mobilit\u00e4t, Sport, Freizeit und Reisen auf.\u00a0<\/p>\n\n\n\n<figure class=\"wp-block-image size-large\"><img loading=\"lazy\" decoding=\"async\" width=\"500\" height=\"110\" src=\"https:\/\/www.dlouhy.at\/news\/wp-content\/uploads\/2022\/06\/integra-logo-retina.png\" alt=\"\" class=\"wp-image-197\" srcset=\"https:\/\/www.dlouhy.at\/news\/wp-content\/uploads\/2022\/06\/integra-logo-retina.png 500w, https:\/\/www.dlouhy.at\/news\/wp-content\/uploads\/2022\/06\/integra-logo-retina-300x66.png 300w\" sizes=\"auto, (max-width: 500px) 100vw, 500px\" \/><\/figure>\n\n\n\n<p><\/p>\n","protected":false},"excerpt":{"rendered":"<p>Noch bis Freitag sind wir mit unseren Mobilit\u00e4ts-L\u00f6sungen f\u00fcr Menschen mit Behinderung bei der Leitmesse f\u00fcr mehr Lebensqualit\u00e4t in Wels. Besuche uns in der Halle 20 (Stand D300) ! Die Messe bietet eine umfassende Produkt \u2013 und Dienstleistungsplattform und zeigt neue Wege in den Bereichen Reha, Therapie, Pflege, Barrierefreiheit, Mobilit\u00e4t, Sport, Freizeit und Reisen auf.\u00a0<\/p>\n","protected":false},"author":5,"featured_media":198,"comment_status":"open","ping_status":"open","sticky":false,"template":"","format":"standard","meta":{"footnotes":""},"categories":[2,10,27],"tags":[86,88,87],"class_list":["post-196","post","type-post","status-publish","format-standard","has-post-thumbnail","hentry","category-fahrzeuge","category-mobility","category-personentransporte","tag-integra","tag-menschen-mit-behinderung","tag-mobilitaet"],"_links":{"self":[{"href":"https:\/\/www.dlouhy.at\/news\/wp-json\/wp\/v2\/posts\/196","targetHints":{"allow":["GET"]}}],"collection":[{"href":"https:\/\/www.dlouhy.at\/news\/wp-json\/wp\/v2\/posts"}],"about":[{"href":"https:\/\/www.dlouhy.at\/news\/wp-json\/wp\/v2\/types\/post"}],"author":[{"embeddable":true,"href":"https:\/\/www.dlouhy.at\/news\/wp-json\/wp\/v2\/users\/5"}],"replies":[{"embeddable":true,"href":"https:\/\/www.dlouhy.at\/news\/wp-json\/wp\/v2\/comments?post=196"}],"version-history":[{"count":1,"href":"https:\/\/www.dlouhy.at\/news\/wp-json\/wp\/v2\/posts\/196\/revisions"}],"predecessor-version":[{"id":199,"href":"https:\/\/www.dlouhy.at\/news\/wp-json\/wp\/v2\/posts\/196\/revisions\/199"}],"wp:featuredmedia":[{"embeddable":true,"href":"https:\/\/www.dlouhy.at\/news\/wp-json\/wp\/v2\/media\/198"}],"wp:attachment":[{"href":"https:\/\/www.dlouhy.at\/news\/wp-json\/wp\/v2\/media?parent=196"}],"wp:term":[{"taxonomy":"category","embeddable":true,"href":"https:\/\/www.dlouhy.at\/news\/wp-json\/wp\/v2\/categories?post=196"},{"taxonomy":"post_tag","embeddable":true,"href":"https:\/\/www.dlouhy.at\/news\/wp-json\/wp\/v2\/tags?post=196"}],"curies":[{"name":"wp","href":"https:\/\/api.w.org\/{rel}","templated":true}]}}