{"id":144,"date":"2021-09-07T11:26:36","date_gmt":"2021-09-07T09:26:36","guid":{"rendered":"https:\/\/dlouhy.at\/news\/?p=144"},"modified":"2021-09-07T11:32:29","modified_gmt":"2021-09-07T09:32:29","slug":"danke-fuer-deinen-besuch","status":"publish","type":"post","link":"https:\/\/www.dlouhy.at\/news\/2021\/09\/07\/danke-fuer-deinen-besuch\/","title":{"rendered":"Danke f\u00fcr Deinen Besuch !"},"content":{"rendered":"\n<p>Bei strahlendem Sp\u00e4tsommer-Wetter haben wir bei der FW-Objektiv-Tagung unsere Fahrzeuge und Medizinprodukte pr\u00e4sentiert. Es war sch\u00f6n, wieder einmal bei einer \u00f6ffentlichen Veranstaltung dabei zu sein und nette Gespr\u00e4che zu f\u00fchren ! Weitere Fotos unter <a rel=\"noreferrer noopener\" href=\"https:\/\/www.feuerwehrobjektiv.at\/fachtagung-2021-fahrzeuge-1\/\" data-type=\"URL\" data-id=\"https:\/\/www.feuerwehrobjektiv.at\/fachtagung-2021-fahrzeuge-1\/\" target=\"_blank\">www.feuerwehrobjektiv.at\/fachtagung-2021-fahrzeuge-1<\/a><\/p>\n\n\n\n<figure class=\"wp-block-image size-large is-style-default\"><img loading=\"lazy\" decoding=\"async\" width=\"504\" height=\"378\" src=\"https:\/\/www.dlouhy.at\/news\/wp-content\/uploads\/2021\/09\/20210904_083952-1.jpg\" alt=\"\" class=\"wp-image-149\" srcset=\"https:\/\/www.dlouhy.at\/news\/wp-content\/uploads\/2021\/09\/20210904_083952-1.jpg 504w, https:\/\/www.dlouhy.at\/news\/wp-content\/uploads\/2021\/09\/20210904_083952-1-300x225.jpg 300w\" sizes=\"auto, (max-width: 504px) 100vw, 504px\" \/><\/figure>\n\n\n\n<p><\/p>\n","protected":false},"excerpt":{"rendered":"<p>Bei strahlendem Sp\u00e4tsommer-Wetter haben wir bei der FW-Objektiv-Tagung unsere Fahrzeuge und Medizinprodukte pr\u00e4sentiert. Es war sch\u00f6n, wieder einmal bei einer \u00f6ffentlichen Veranstaltung dabei zu sein und nette Gespr\u00e4che zu f\u00fchren ! Weitere Fotos unter www.feuerwehrobjektiv.at\/fachtagung-2021-fahrzeuge-1<\/p>\n","protected":false},"author":5,"featured_media":145,"comment_status":"open","ping_status":"open","sticky":false,"template":"","format":"standard","meta":{"footnotes":""},"categories":[2,25,3],"tags":[66,68],"class_list":["post-144","post","type-post","status-publish","format-standard","has-post-thumbnail","hentry","category-fahrzeuge","category-feuerwehr","category-medizinprodukte","tag-fachausstellung","tag-klosterneuburg"],"_links":{"self":[{"href":"https:\/\/www.dlouhy.at\/news\/wp-json\/wp\/v2\/posts\/144","targetHints":{"allow":["GET"]}}],"collection":[{"href":"https:\/\/www.dlouhy.at\/news\/wp-json\/wp\/v2\/posts"}],"about":[{"href":"https:\/\/www.dlouhy.at\/news\/wp-json\/wp\/v2\/types\/post"}],"author":[{"embeddable":true,"href":"https:\/\/www.dlouhy.at\/news\/wp-json\/wp\/v2\/users\/5"}],"replies":[{"embeddable":true,"href":"https:\/\/www.dlouhy.at\/news\/wp-json\/wp\/v2\/comments?post=144"}],"version-history":[{"count":3,"href":"https:\/\/www.dlouhy.at\/news\/wp-json\/wp\/v2\/posts\/144\/revisions"}],"predecessor-version":[{"id":150,"href":"https:\/\/www.dlouhy.at\/news\/wp-json\/wp\/v2\/posts\/144\/revisions\/150"}],"wp:featuredmedia":[{"embeddable":true,"href":"https:\/\/www.dlouhy.at\/news\/wp-json\/wp\/v2\/media\/145"}],"wp:attachment":[{"href":"https:\/\/www.dlouhy.at\/news\/wp-json\/wp\/v2\/media?parent=144"}],"wp:term":[{"taxonomy":"category","embeddable":true,"href":"https:\/\/www.dlouhy.at\/news\/wp-json\/wp\/v2\/categories?post=144"},{"taxonomy":"post_tag","embeddable":true,"href":"https:\/\/www.dlouhy.at\/news\/wp-json\/wp\/v2\/tags?post=144"}],"curies":[{"name":"wp","href":"https:\/\/api.w.org\/{rel}","templated":true}]}}