{"id":140,"date":"2021-09-02T12:50:12","date_gmt":"2021-09-02T10:50:12","guid":{"rendered":"https:\/\/dlouhy.at\/news\/?p=140"},"modified":"2021-09-02T12:50:12","modified_gmt":"2021-09-02T10:50:12","slug":"fo-fachtagung-in-klosterneuburg","status":"publish","type":"post","link":"https:\/\/www.dlouhy.at\/news\/2021\/09\/02\/fo-fachtagung-in-klosterneuburg\/","title":{"rendered":"FO-Fachtagung in Klosterneuburg"},"content":{"rendered":"\n<p>Komm am Samstag, 04.09., zum Rathausplatz von Klosterneuburg ! Wir sind im Rahmen der Feuerwehr Objektiv &#8211; Fachtagung mit unseren Fahrzeugen bei der Fachausstellung dabei. Von 09.00 bis 17.00 Uhr k\u00f6nnen Fahrzeuge und Ausr\u00fcstungen bei freiem Eintritt und sp\u00e4tsommerlichem Wetter besichtigt werden.<\/p>\n\n\n\n<p>Details unter <a href=\"https:\/\/www.feuerwehrobjektiv.at\/fo-academy\/\">www.feuerwehrobjektiv.at\/fo-academy<\/a><\/p>\n","protected":false},"excerpt":{"rendered":"<p>Komm am Samstag, 04.09., zum Rathausplatz von Klosterneuburg ! Wir sind im Rahmen der Feuerwehr Objektiv &#8211; Fachtagung mit unseren Fahrzeugen bei der Fachausstellung dabei. Von 09.00 bis 17.00 Uhr k\u00f6nnen Fahrzeuge und Ausr\u00fcstungen bei freiem Eintritt und sp\u00e4tsommerlichem Wetter besichtigt werden. Details unter www.feuerwehrobjektiv.at\/fo-academy<\/p>\n","protected":false},"author":5,"featured_media":142,"comment_status":"open","ping_status":"open","sticky":false,"template":"","format":"standard","meta":{"footnotes":""},"categories":[2,25],"tags":[66,67],"class_list":["post-140","post","type-post","status-publish","format-standard","has-post-thumbnail","hentry","category-fahrzeuge","category-feuerwehr","tag-fachausstellung","tag-fachtagung"],"_links":{"self":[{"href":"https:\/\/www.dlouhy.at\/news\/wp-json\/wp\/v2\/posts\/140","targetHints":{"allow":["GET"]}}],"collection":[{"href":"https:\/\/www.dlouhy.at\/news\/wp-json\/wp\/v2\/posts"}],"about":[{"href":"https:\/\/www.dlouhy.at\/news\/wp-json\/wp\/v2\/types\/post"}],"author":[{"embeddable":true,"href":"https:\/\/www.dlouhy.at\/news\/wp-json\/wp\/v2\/users\/5"}],"replies":[{"embeddable":true,"href":"https:\/\/www.dlouhy.at\/news\/wp-json\/wp\/v2\/comments?post=140"}],"version-history":[{"count":1,"href":"https:\/\/www.dlouhy.at\/news\/wp-json\/wp\/v2\/posts\/140\/revisions"}],"predecessor-version":[{"id":143,"href":"https:\/\/www.dlouhy.at\/news\/wp-json\/wp\/v2\/posts\/140\/revisions\/143"}],"wp:featuredmedia":[{"embeddable":true,"href":"https:\/\/www.dlouhy.at\/news\/wp-json\/wp\/v2\/media\/142"}],"wp:attachment":[{"href":"https:\/\/www.dlouhy.at\/news\/wp-json\/wp\/v2\/media?parent=140"}],"wp:term":[{"taxonomy":"category","embeddable":true,"href":"https:\/\/www.dlouhy.at\/news\/wp-json\/wp\/v2\/categories?post=140"},{"taxonomy":"post_tag","embeddable":true,"href":"https:\/\/www.dlouhy.at\/news\/wp-json\/wp\/v2\/tags?post=140"}],"curies":[{"name":"wp","href":"https:\/\/api.w.org\/{rel}","templated":true}]}}