{"id":134,"date":"2021-06-17T10:53:07","date_gmt":"2021-06-17T08:53:07","guid":{"rendered":"https:\/\/dlouhy.at\/news\/?p=134"},"modified":"2021-06-17T10:53:07","modified_gmt":"2021-06-17T08:53:07","slug":"die-neue-halle-ist-in-betrieb","status":"publish","type":"post","link":"https:\/\/www.dlouhy.at\/news\/2021\/06\/17\/die-neue-halle-ist-in-betrieb\/","title":{"rendered":"Die neue Halle ist in Betrieb"},"content":{"rendered":"\n<p>Anfang Juni wurde der Produktionsbetrieb in der neuen Halle aufgenommen. Nach nur 4 Monaten Bauzeit stehen uns jetzt 10 neue Stellpl\u00e4tze sowie ein ger\u00e4umiger Material-Lagerplatz zur Verf\u00fcgung. Wir hoffen, dass wir die Einweihung auch bald wieder mit einem Mitarbeiterfest geb\u00fchrend feiern k\u00f6nnen&#8230;<\/p>\n\n\n\n<figure class=\"wp-block-image size-large is-resized is-style-default\"><img loading=\"lazy\" decoding=\"async\" src=\"https:\/\/www.dlouhy.at\/news\/wp-content\/uploads\/2021\/06\/06.jpg\" alt=\"\" class=\"wp-image-136\" width=\"504\" height=\"378\" srcset=\"https:\/\/www.dlouhy.at\/news\/wp-content\/uploads\/2021\/06\/06.jpg 504w, https:\/\/www.dlouhy.at\/news\/wp-content\/uploads\/2021\/06\/06-300x225.jpg 300w\" sizes=\"auto, (max-width: 504px) 100vw, 504px\" \/><\/figure>\n\n\n\n<figure class=\"wp-block-image size-large is-style-default\"><img loading=\"lazy\" decoding=\"async\" width=\"504\" height=\"378\" src=\"https:\/\/www.dlouhy.at\/news\/wp-content\/uploads\/2021\/06\/08.jpg\" alt=\"\" class=\"wp-image-137\" srcset=\"https:\/\/www.dlouhy.at\/news\/wp-content\/uploads\/2021\/06\/08.jpg 504w, https:\/\/www.dlouhy.at\/news\/wp-content\/uploads\/2021\/06\/08-300x225.jpg 300w\" sizes=\"auto, (max-width: 504px) 100vw, 504px\" \/><\/figure>\n","protected":false},"excerpt":{"rendered":"<p>Anfang Juni wurde der Produktionsbetrieb in der neuen Halle aufgenommen. Nach nur 4 Monaten Bauzeit stehen uns jetzt 10 neue Stellpl\u00e4tze sowie ein ger\u00e4umiger Material-Lagerplatz zur Verf\u00fcgung. Wir hoffen, dass wir die Einweihung auch bald wieder mit einem Mitarbeiterfest geb\u00fchrend feiern k\u00f6nnen&#8230;<\/p>\n","protected":false},"author":5,"featured_media":135,"comment_status":"open","ping_status":"open","sticky":false,"template":"","format":"standard","meta":{"footnotes":""},"categories":[1,35,37],"tags":[64,62,65],"class_list":["post-134","post","type-post","status-publish","format-standard","has-post-thumbnail","hentry","category-allgemein","category-dlouhy-tulln","category-unternehmen","tag-einweihung","tag-neue-halle","tag-produktionsbeginn"],"_links":{"self":[{"href":"https:\/\/www.dlouhy.at\/news\/wp-json\/wp\/v2\/posts\/134","targetHints":{"allow":["GET"]}}],"collection":[{"href":"https:\/\/www.dlouhy.at\/news\/wp-json\/wp\/v2\/posts"}],"about":[{"href":"https:\/\/www.dlouhy.at\/news\/wp-json\/wp\/v2\/types\/post"}],"author":[{"embeddable":true,"href":"https:\/\/www.dlouhy.at\/news\/wp-json\/wp\/v2\/users\/5"}],"replies":[{"embeddable":true,"href":"https:\/\/www.dlouhy.at\/news\/wp-json\/wp\/v2\/comments?post=134"}],"version-history":[{"count":1,"href":"https:\/\/www.dlouhy.at\/news\/wp-json\/wp\/v2\/posts\/134\/revisions"}],"predecessor-version":[{"id":138,"href":"https:\/\/www.dlouhy.at\/news\/wp-json\/wp\/v2\/posts\/134\/revisions\/138"}],"wp:featuredmedia":[{"embeddable":true,"href":"https:\/\/www.dlouhy.at\/news\/wp-json\/wp\/v2\/media\/135"}],"wp:attachment":[{"href":"https:\/\/www.dlouhy.at\/news\/wp-json\/wp\/v2\/media?parent=134"}],"wp:term":[{"taxonomy":"category","embeddable":true,"href":"https:\/\/www.dlouhy.at\/news\/wp-json\/wp\/v2\/categories?post=134"},{"taxonomy":"post_tag","embeddable":true,"href":"https:\/\/www.dlouhy.at\/news\/wp-json\/wp\/v2\/tags?post=134"}],"curies":[{"name":"wp","href":"https:\/\/api.w.org\/{rel}","templated":true}]}}